{"id":558,"date":"2020-09-17T00:00:31","date_gmt":"2020-09-17T00:00:31","guid":{"rendered":"http:\/\/ari.ase.ro\/wp\/?p=558"},"modified":"2020-09-17T09:01:43","modified_gmt":"2020-09-17T09:01:43","slug":"virtual-eca2030-mobilitate-electrica-conectata-si-automata","status":"publish","type":"post","link":"https:\/\/ari.ase.ro\/?p=558","title":{"rendered":"Virtual ECA2030 &#8211; Mobilitate electric\u0103, conectat\u0103 \u0219i automat\u0103!"},"content":{"rendered":"<div class=\"bi6gxh9e\"><span class=\"oi732d6d ik7dh3pa d2edcug0 hpfvmrgz qv66sw1b c1et5uql jq4qci2q a3bd9o3v knj5qynh oo9gr5id\">Conferin\u021ba \u00ee\u0219i propune s\u0103 reuneasc\u0103 toate p\u0103r\u021bile interesate de-a lungul lan\u021bului valoric auto, precum \u0219i p\u0103r\u021bile interesate non-tehnice pentru a ini\u021bia colabor\u0103ri care pot accelera introducerea electrific\u0103rii, conectivit\u0103\u021bii \u0219i automatiz\u0103rii vehiculelor (ECA).<\/span><\/div>\n<div class=\"bi6gxh9e\"><span class=\"oi732d6d ik7dh3pa d2edcug0 hpfvmrgz qv66sw1b c1et5uql jq4qci2q a3bd9o3v knj5qynh oo9gr5id\">Data: 26-27 octombrie 2020<\/span><\/div>\n<div class=\"bi6gxh9e\"><span class=\"oi732d6d ik7dh3pa d2edcug0 hpfvmrgz qv66sw1b c1et5uql jq4qci2q a3bd9o3v knj5qynh oo9gr5id\">Loca\u021bie: online<\/span><\/div>\n<div class=\"bi6gxh9e\"><span class=\"oi732d6d ik7dh3pa d2edcug0 hpfvmrgz qv66sw1b c1et5uql jq4qci2q a3bd9o3v knj5qynh oo9gr5id\">Pentru \u00eenregistrare accesa\u021bi:\u00a0<a class=\"oajrlxb2 g5ia77u1 qu0x051f esr5mh6w e9989ue4 r7d6kgcz rq0escxv nhd2j8a9 nc684nl6 p7hjln8o kvgmc6g5 cxmmr5t8 oygrvhab hcukyx3x jb3vyjys rz4wbd8a qt6c0cv9 a8nywdso i1ao9s8h esuyzwwr f1sip0of lzcic4wl py34i1dx gpro0wi8\" tabindex=\"0\" role=\"link\" href=\"https:\/\/www.mobilitye.eu\/news\/eca2030-conference-announcement-2020\" target=\"_blank\" rel=\"nofollow noopener noreferrer\">https:\/\/www.mobilitye.eu\/news\/eca2030-conference-announcement-2020<\/a><\/span><\/div>\n","protected":false},"excerpt":{"rendered":"<p>Conferin\u021ba \u00ee\u0219i propune s\u0103 reuneasc\u0103 toate p\u0103r\u021bile interesate de-a&#8230;<\/p>\n","protected":false},"author":5,"featured_media":559,"comment_status":"open","ping_status":"open","sticky":false,"template":"","format":"standard","meta":{"footnotes":""},"categories":[1],"tags":[],"class_list":["post-558","post","type-post","status-publish","format-standard","has-post-thumbnail","hentry","category-evenimente"],"jetpack_featured_media_url":"https:\/\/ari.ase.ro\/wp-content\/uploads\/2020\/09\/2.jpg","_links":{"self":[{"href":"https:\/\/ari.ase.ro\/index.php?rest_route=\/wp\/v2\/posts\/558","targetHints":{"allow":["GET"]}}],"collection":[{"href":"https:\/\/ari.ase.ro\/index.php?rest_route=\/wp\/v2\/posts"}],"about":[{"href":"https:\/\/ari.ase.ro\/index.php?rest_route=\/wp\/v2\/types\/post"}],"author":[{"embeddable":true,"href":"https:\/\/ari.ase.ro\/index.php?rest_route=\/wp\/v2\/users\/5"}],"replies":[{"embeddable":true,"href":"https:\/\/ari.ase.ro\/index.php?rest_route=%2Fwp%2Fv2%2Fcomments&post=558"}],"version-history":[{"count":0,"href":"https:\/\/ari.ase.ro\/index.php?rest_route=\/wp\/v2\/posts\/558\/revisions"}],"wp:featuredmedia":[{"embeddable":true,"href":"https:\/\/ari.ase.ro\/index.php?rest_route=\/wp\/v2\/media\/559"}],"wp:attachment":[{"href":"https:\/\/ari.ase.ro\/index.php?rest_route=%2Fwp%2Fv2%2Fmedia&parent=558"}],"wp:term":[{"taxonomy":"category","embeddable":true,"href":"https:\/\/ari.ase.ro\/index.php?rest_route=%2Fwp%2Fv2%2Fcategories&post=558"},{"taxonomy":"post_tag","embeddable":true,"href":"https:\/\/ari.ase.ro\/index.php?rest_route=%2Fwp%2Fv2%2Ftags&post=558"}],"curies":[{"name":"wp","href":"https:\/\/api.w.org\/{rel}","templated":true}]}}