{"id":226,"date":"2018-09-28T12:00:29","date_gmt":"2018-09-28T12:00:29","guid":{"rendered":"http:\/\/ari.ase.ro\/wp\/?p=226"},"modified":"2018-12-10T13:00:33","modified_gmt":"2018-12-10T13:00:33","slug":"nevoi-si-asteptari-ale-cercetatorilor-din-mediul-academic-si-institutele-de-cercetare","status":"publish","type":"post","link":"https:\/\/ari.ase.ro\/?p=226","title":{"rendered":"Nevoi \u0219i a\u0219tept\u0103ri ale cercet\u0103torilor din mediul academic \u0219i institutele de cercetare"},"content":{"rendered":"<p>Scopul workshopului este de a \u00eentruni cercet\u0103tori at\u00e2t din mediul academic, c\u00e2t \u0219i din institutele de cercetare, \u00een vederea gener\u0103rii unor experien\u021be de lucru utile \u0219i a unor oportunit\u0103\u021bi de \u00eembun\u0103t\u0103\u021bire a cercet\u0103rii \u0219tiin\u021bifice, pornind de la nevoile \u0219i a\u0219tept\u0103rile acestora.<\/p>\n<p>Workshopul va fi moderat de urm\u0103torii invita\u021bi:<\/p>\n<p>&nbsp;<\/p>\n<p><strong>Drd.Valentin LAZ\u0102R \u2013 <\/strong>Director Direc\u021bia Managementul Cercet\u0103rii \u0219i Inov\u0103rii \u2013 DMCI, Academia de Studii Economice din Bucure\u0219ti<\/p>\n<p><strong>Prof. dr. ing. Tudor PRISECARU \u2013 <em>Prorector,<\/em><\/strong><em> <strong>Universitatea Politehnic\u0103 din Bucure\u0219ti<\/strong><\/em><strong><em>\u00a0 \u00a0 \u00a0 \u00a0 \u00a0 \u00a0 \u00a0 \u00a0 \u00a0 \u00a0 \u00a0 \u00a0 \u00a0 \u00a0 \u00a0 \u00a0 \u00a0 \u00a0 \u00a0 \u00a0 \u00a0 \u00a0 \u00a0 \u00a0 \u00a0 \u00a0 \u00a0 \u00a0 \u00a0 \u00a0 \u00a0 \u00a0 \u00a0 \u00a0 \u00a0 \u00a0 \u00a0 \u00a0 \u00a0 \u00a0<\/em><\/strong><\/p>\n<p><strong>Dr. Victor VELTER \u2013 <\/strong><em>\u015eef birou \u2013 Centrul de Politica \u015etiin\u0163ei \u0219i Scientometrie \u2013 Unitatea Executiv\u0103 pentru Finan\u021barea \u00cenv\u0103\u021b\u0103m\u00e2ntului Superior, a Cercet\u0103rii, Dezvolt\u0103rii \u0219i Inov\u0103rii \u2013 <strong>UEFISCDI<\/strong><\/em><\/p>\n<p><strong>Dr. Ing.Cs1. Radu PITICESCU \u2013\u2013 <\/strong><em>Institutul Na\u021bional De Cercetare &#8211; Dezvoltare Pentru<\/em><em>\u00a0Metale Neferoase \u0218i Rare \u2013 <strong>IMNR<\/strong><\/em><\/p>\n<p><strong>Dr. Ing.Cs1. Roxana PITICESCU<em> \u2013 <\/em><\/strong><em>Director General \u2013 Institutul Na\u021bional De Cercetare-<\/em><em>Dezvoltare Pentru Metale Neferoase \u0218i Rare \u2013<strong> IMNR<\/strong><\/em><\/p>\n<p><em>\u00a0<\/em><\/p>\n<p><strong>INVITA<\/strong><strong>\u021aI DIN MINISTERUL CERCET\u0102RII \u0218I INOV\u0102RII:<\/strong><\/p>\n<p><strong>\u00a0<\/strong><\/p>\n<p><strong>Simona M\u0102LUREANU \u2013 Director<\/strong><\/p>\n<p><strong>Ruxandra POPESCU \u2013 Director adjunct<\/strong><\/p>\n<p><strong>Daniela DINIC\u0102<\/strong><\/p>\n<p><strong>Lucia POPESCU<\/strong><\/p>\n<p>Workshopul de cercetare este unul dintre rezultatele proiectului <strong>CNFIS-FDI-2018-0582\u00a0 <\/strong>cu titlul \u201c<strong>Sus\u021binerea cercet\u0103rii de excelent\u0103 din cadrul Academiei de Studii Economice din Bucure\u0219ti \u00een contextul principiilor dezvolt\u0103rii durabile \u0219i cercet\u0103rii deschise\u201d (ORFEUS)<\/strong> si este dedicat at\u00e2t cadrelor didactice \u0219i doctoranzilor, c\u00e2t \u0219i practicienilor din mediul academic si al institutelor de cercetare, \u00een vederea stimul\u0103rii interesului \u0219i mai ales incuraj\u0103rii particip\u0103rii la cercetarea de excelen\u021b\u0103.<\/p>\n<p><strong><em>\u00a0<\/em><\/strong><\/p>\n<p><strong><em>Agenda <\/em><\/strong><strong><em>workshop-ului<\/em><\/strong><\/p>\n<p><strong><em>Sala Robert Schuman \u2013 Academia de Studii Economice din Bucure\u0219ti, 28 Septembrie 2018<\/em><\/strong><\/p>\n<p>&nbsp;<\/p>\n<table border=\"1\" width=\"649\">\n<tbody>\n<tr>\n<td width=\"111\"><strong>Interval orar<\/strong><\/td>\n<td width=\"198\"><strong>Activitate<\/strong><\/td>\n<td width=\"340\"><strong>Prezentator\/Moderator<\/strong><\/td>\n<\/tr>\n<tr>\n<td width=\"111\">11:00 \u2013 11:15<\/td>\n<td colspan=\"2\" width=\"538\">\u00a0\u00a0\u00a0\u00a0\u00a0\u00a0\u00a0\u00a0\u00a0\u00a0\u00a0\u00a0\u00a0\u00a0\u00a0\u00a0\u00a0\u00a0\u00a0\u00a0\u00a0\u00a0\u00a0\u00a0\u00a0\u00a0\u00a0\u00a0\u00a0\u00a0\u00a0 <strong><em>\u00cenregistrare participan\u021bi<\/em><\/strong><\/td>\n<\/tr>\n<tr>\n<td width=\"111\">11:15 \u2013 11:30<\/td>\n<td width=\"198\"><strong><em>Mesaj de bun venit din partea Academiei de Studii Economice din Bucure\u0219ti<\/em><\/strong><\/td>\n<td width=\"340\"><strong>Prof. univ. dr. Dalina DUMITRESCU<\/strong><\/p>\n<p>Prorector Cercetare \u0218tiin\u021bific\u0103, Dezvoltare \u0219i Inovare, Academia de Studii Economice din Bucure\u0219ti<\/p>\n<p><strong>Prof. univ. dr.\u00a0 Margareta FLORESCU <\/strong>Director Institutul de Cercet\u0103ri Avansate al Academiei de Studii Economice din Bucure\u0219ti<\/td>\n<\/tr>\n<tr>\n<td width=\"111\">11:30 \u2013 12:00<\/td>\n<td width=\"198\"><strong><em>Partea I<\/em><\/strong><\/p>\n<p><em>Analiza cercet\u0103rii \u0219tiin\u021bifice din cadrul Academiei de Studii Economice din Bucure\u0219ti<\/em><\/td>\n<td width=\"340\"><strong>Drd.Valentin LAZ\u0102R<\/strong><\/p>\n<p>Director Direc\u021bia Managementul Cercet\u0103rii \u0219i Inov\u0103rii\u2013 DMCI, Academia de Studii Economice din Bucure\u0219ti<\/td>\n<\/tr>\n<tr>\n<td width=\"111\">12:00 \u2013 12:30<\/td>\n<td colspan=\"2\" width=\"538\"><strong><em>\u00a0\u00a0\u00a0\u00a0\u00a0\u00a0\u00a0\u00a0\u00a0\u00a0\u00a0\u00a0\u00a0\u00a0\u00a0\u00a0\u00a0\u00a0\u00a0\u00a0\u00a0\u00a0\u00a0\u00a0\u00a0\u00a0\u00a0\u00a0\u00a0\u00a0\u00a0\u00a0\u00a0\u00a0\u00a0\u00a0 Pauz\u0103 de cafea<\/em><\/strong><\/td>\n<\/tr>\n<tr>\n<td width=\"111\">12:30 \u2013 13:30<\/td>\n<td width=\"198\"><strong><em>Partea a II-a<\/em><\/strong><em>:<\/em><\/p>\n<p><em>Analiza posibilit\u0103\u021bilor de cre\u0219tere a performan\u021bei \u00een cercetarea \u0219tiin\u021bific\u0103<\/em><\/td>\n<td width=\"340\"><strong>Prof. univ. dr. ing. Tudor PRISECARU<\/strong><\/p>\n<p>Prorector Universitatea Politehnic\u0103 din Bucure\u0219ti<\/td>\n<\/tr>\n<tr>\n<td width=\"111\">13:30 \u2013 14:30<\/td>\n<td colspan=\"2\" width=\"538\"><strong><em>\u00a0\u00a0\u00a0\u00a0\u00a0\u00a0\u00a0\u00a0\u00a0\u00a0\u00a0\u00a0\u00a0\u00a0\u00a0\u00a0\u00a0\u00a0\u00a0\u00a0\u00a0\u00a0\u00a0\u00a0\u00a0\u00a0\u00a0\u00a0\u00a0\u00a0\u00a0\u00a0\u00a0\u00a0\u00a0 Pauz\u0103 de masa<\/em><\/strong><\/p>\n<p><strong><em>\u00a0\u00a0\u00a0\u00a0\u00a0\u00a0\u00a0\u00a0\u00a0\u00a0\u00a0\u00a0\u00a0\u00a0\u00a0\u00a0\u00a0\u00a0\u00a0\u00a0\u00a0\u00a0\u00a0\u00a0\u00a0\u00a0\u00a0\u00a0\u00a0\u00a0\u00a0\u00a0\u00a0\u00a0\u00a0 Cafeteria ASE<\/em><\/strong><\/td>\n<\/tr>\n<tr>\n<td width=\"111\">14:30 \u2013 15:30<\/td>\n<td width=\"198\"><strong><em>Partea a III-a<\/em><\/strong><\/p>\n<p><em>Experiente de cercetare \u00een proiecte de tip Twinning<\/em><\/td>\n<td width=\"340\"><strong>Dr. ing. Cs1 Radu PITICESCU<\/strong><\/p>\n<p>Institutul Na\u021bional De Cercetare &#8211; Dezvoltare Pentru Metale Neferoase \u0218i Rare \u2013 IMNR<\/p>\n<p><strong>Dr. ing. Cs1 Roxana PITICESCU<\/strong><\/p>\n<p>DIRECTOR GENERAL<\/p>\n<p>Institutul Na\u021bional De Cercetare &#8211; Dezvoltare Pentru Metale Neferoase \u0218i Rare \u2013 IMNR<\/td>\n<\/tr>\n<tr>\n<td width=\"111\">15:30 \u2013 16:30<\/td>\n<td width=\"198\"><em>Scientometrie<\/em><\/p>\n<p><em>Premisele unei publica\u021bii \u0219tiin\u021bifice de calitate<\/em><\/td>\n<td width=\"340\"><strong>Ing. Dr. Victor VELTER<\/strong><\/p>\n<p><em>\u015eef birou \u2013 Centrul de Politica \u015etiin\u0163ei \u0219i Scientometrie \u2013 Unitatea Executiv\u0103 pentru Finan\u021barea \u00cenv\u0103\u021b\u0103m\u00e2ntului Superior, a Cercet\u0103rii, Dezvolt\u0103rii \u0219i Inov\u0103rii \u2013 <strong>UEFISCDI<\/strong><\/em><\/td>\n<\/tr>\n<tr>\n<td width=\"111\">16:30 \u2013 17:30<\/td>\n<td width=\"198\"><em>Discu\u021bii libere &amp; networking<\/em><\/td>\n<td width=\"340\"><strong>Moderatori \u0219i invita\u021bii<\/strong><\/td>\n<\/tr>\n<\/tbody>\n<\/table>\n<p><strong><em>\u00a0<\/em><\/strong><\/p>\n","protected":false},"excerpt":{"rendered":"<p>Scopul workshopului este de a \u00eentruni cercet\u0103tori at\u00e2t din&#8230;<\/p>\n","protected":false},"author":5,"featured_media":249,"comment_status":"open","ping_status":"open","sticky":false,"template":"","format":"standard","meta":{"footnotes":""},"categories":[1],"tags":[],"class_list":["post-226","post","type-post","status-publish","format-standard","has-post-thumbnail","hentry","category-evenimente"],"jetpack_featured_media_url":"https:\/\/ari.ase.ro\/wp-content\/uploads\/2018\/09\/646x404.jpg","_links":{"self":[{"href":"https:\/\/ari.ase.ro\/index.php?rest_route=\/wp\/v2\/posts\/226","targetHints":{"allow":["GET"]}}],"collection":[{"href":"https:\/\/ari.ase.ro\/index.php?rest_route=\/wp\/v2\/posts"}],"about":[{"href":"https:\/\/ari.ase.ro\/index.php?rest_route=\/wp\/v2\/types\/post"}],"author":[{"embeddable":true,"href":"https:\/\/ari.ase.ro\/index.php?rest_route=\/wp\/v2\/users\/5"}],"replies":[{"embeddable":true,"href":"https:\/\/ari.ase.ro\/index.php?rest_route=%2Fwp%2Fv2%2Fcomments&post=226"}],"version-history":[{"count":0,"href":"https:\/\/ari.ase.ro\/index.php?rest_route=\/wp\/v2\/posts\/226\/revisions"}],"wp:featuredmedia":[{"embeddable":true,"href":"https:\/\/ari.ase.ro\/index.php?rest_route=\/wp\/v2\/media\/249"}],"wp:attachment":[{"href":"https:\/\/ari.ase.ro\/index.php?rest_route=%2Fwp%2Fv2%2Fmedia&parent=226"}],"wp:term":[{"taxonomy":"category","embeddable":true,"href":"https:\/\/ari.ase.ro\/index.php?rest_route=%2Fwp%2Fv2%2Fcategories&post=226"},{"taxonomy":"post_tag","embeddable":true,"href":"https:\/\/ari.ase.ro\/index.php?rest_route=%2Fwp%2Fv2%2Ftags&post=226"}],"curies":[{"name":"wp","href":"https:\/\/api.w.org\/{rel}","templated":true}]}}