{"id":116,"date":"2018-03-13T09:21:47","date_gmt":"2018-03-13T09:21:47","guid":{"rendered":"http:\/\/ari.ase.ro\/wp\/?p=116"},"modified":"2018-06-06T11:42:40","modified_gmt":"2018-06-06T11:42:40","slug":"sesiunea-de-informare-si-dezbatere-a-proiectelor-din-programul-operational-competitivitate-poc","status":"publish","type":"post","link":"https:\/\/ari.ase.ro\/?p=116","title":{"rendered":"Sesiunea de informare si dezbatere a proiectelor din Programul Opera\u0163ional Competitivitate (POC)"},"content":{"rendered":"<h2><strong><em>Sesiunea de informare si dezbatere a proiectelor din <\/em><\/strong><strong>Programul Opera\u0163ional Competitivitate (POC)<\/strong><\/h2>\n<p><em>13 \u0219i 15 martie 2018, sala Virgil Madgearu<\/em><\/p>\n<p>Scopul evenimentului este de a familiariza participan\u0163ii \u00een leg\u0103tur\u0103 cu specificitatea Programului Opera\u021bional Competitivitate, \u00een\u021belegerea Ghidului aplicantului cu elemente cheie pe tipuri de ac\u021biuni, oferirea unor recomand\u0103ri privind elaborarea \u0219i transmiterea cererii de finan\u021bare sau identificarea oportunit\u0103\u021bilor noi de finan\u021bare, precum \u0219i \u00eemp\u0103rt\u0103\u015firea experien\u0163ei \u00een derularea acestor proiecte din partea beneficiarilor.<\/p>\n<p>Evenimentul este moderat de c\u0103tre doamna <strong>Director General Sanda HILGEN<\/strong> &#8211; Organismul Intermediar pentru Cercetare din cadrul Ministerului Cercet\u0103rii \u0219i Inov\u0103rii, conform agendei ata\u0219ate.<\/p>\n<p>Sesiunea de informare este \u00eemp\u0103r\u021bit\u0103 \u00een <strong><em>dou\u0103 sec\u021biuni<\/em><\/strong>, prima fiind dedicat\u0103 viitorilor aplican\u021bi la POC\u00a0 &#8211; planificat\u0103 \u00een data de <strong><em>13 martie 2018<\/em><\/strong> &#8211; , iar cea de-a doua dedicat\u0103 beneficiarilor acestor proiecte finan\u021bate &#8211; \u00een data de <strong><em>15 martie 2018<\/em><\/strong>.<\/p>\n<p>&nbsp;<\/p>\n<p>Agenda evenimentului<\/p>\n<table border=\"1\">\n<tbody>\n<tr>\n<td colspan=\"2\" width=\"601\"><strong><u>Section 1 <\/u><\/strong><\/p>\n<p><strong>13 Martie 2018<\/strong><\/td>\n<\/tr>\n<tr>\n<td width=\"145\">9:45 \u2013 10:00<\/td>\n<td width=\"456\">\u00cenregistrarea participan\u021bilor<\/td>\n<\/tr>\n<tr>\n<td width=\"145\">10:00-10:15<\/td>\n<td width=\"456\">Introducere:<\/p>\n<p><strong><em>Prof. univ. dr. Dalina DUMITRESCU<\/em><\/strong><em>, <\/em><em>Prorector Cercetare \u0218tiin\u021bific\u0103, Dezvoltare \u0219i Inovare<\/em><\/p>\n<p><strong><em>Prof. univ. dr. Margareta FLORESCU<\/em><\/strong><em>, Director <\/em><em>Institutul de Cercet\u0103ri Avansate al Academiei de Studii Economice din Bucure\u0219ti<\/em><\/p>\n<p><strong><em>Conf. univ. dr. Dan Gabriel DUMITRESCU<\/em><\/strong><\/p>\n<p><em>Consilier Rector al Academiei de Studii Economice din Bucure\u0219ti<\/em><\/td>\n<\/tr>\n<tr>\n<td width=\"145\">10:15 \u201310:30<\/td>\n<td width=\"456\">Programul Opera\u0163ional Competitivitate 2014-2020 \u2013 prezentare general\u0103, obiective \u0219i ac\u021biuni<\/p>\n<p><strong><em>Director General Sanda HILGEN<\/em><\/strong>, <em>Organismul Intermediar pentru Cercetare din Cadrul Ministerului Cercet\u0103rii \u0219i Inov\u0103rii<\/em><\/td>\n<\/tr>\n<tr>\n<td width=\"145\">10:15 \u2013 10:30<\/td>\n<td width=\"456\">Competi\u0163ii deschise \u00een cadrul POC 2014-2020<\/td>\n<\/tr>\n<tr>\n<td width=\"145\">10:30 \u2013 11:00<\/td>\n<td width=\"456\">Ghidul aplicantului \u2013 elemente cheie pe tipuri de ac\u021biuni<\/td>\n<\/tr>\n<tr>\n<td width=\"145\">11:00 \u2013 11:15<\/td>\n<td width=\"456\">Coffee Break<\/td>\n<\/tr>\n<tr>\n<td width=\"145\">11:15 \u2013 11:45<\/td>\n<td width=\"456\">Recomand\u0103ri privind elaborarea \u0219i transmiterea cererii de finan\u021bare<\/td>\n<\/tr>\n<tr>\n<td width=\"145\">11:45 \u2013 12:00<\/td>\n<td width=\"456\">Ghidul evaluatorului &#8211; criterii de performan\u021b\u0103 urm\u0103rite<\/td>\n<\/tr>\n<tr>\n<td width=\"145\">12:00 \u2013 12:30<\/td>\n<td width=\"456\">Sesiune de \u00eentreb\u0103ri<\/td>\n<\/tr>\n<tr>\n<td width=\"145\">12:30 \u2013 13:30<\/td>\n<td width=\"456\">Eveniment de socializare<\/td>\n<\/tr>\n<\/tbody>\n<\/table>\n<p>&nbsp;<\/p>\n<table border=\"1\">\n<tbody>\n<tr>\n<td colspan=\"2\" width=\"605\"><strong><u>Section 2<\/u><\/strong><\/p>\n<p><strong>1<\/strong><strong>5 Martie 2018<\/strong><\/td>\n<\/tr>\n<tr>\n<td width=\"113\">9:45 \u2013 10:00<\/td>\n<td width=\"491\">\u00cenregistrarea participan\u021bilor<\/td>\n<\/tr>\n<tr>\n<td width=\"113\">10:00 \u2013 10:15<\/td>\n<td width=\"491\">Managementul contractelor \u00eencheiate \u00een cadrul competi\u021biilor POC 2014 \u2013 2020. Modific\u0103ri \u0219i actualiz\u0103ri ale clauzelor contractuale &#8211; <strong><em>Consilier superior Mircea CHIS,<\/em><\/strong> <em>Organismul Intermediar pentru Cercetare din Cadul Ministerului Cercet\u0103rii \u0219i Inov\u0103rii<\/em><\/p>\n<p>&nbsp;<\/td>\n<\/tr>\n<tr>\n<td width=\"113\">10:15 \u2013 10:45<\/td>\n<td width=\"491\">Managementul resurselor umane &#8211; categorii de personal, tipuri de activit\u0103\u021bi desf\u0103\u0219urate, \u00eencadrarea noilor cercet\u0103tori din \u021bar\u0103 \u0219i str\u0103in\u0103tate<\/td>\n<\/tr>\n<tr>\n<td width=\"113\">10:45 \u2013 11:15<\/td>\n<td width=\"491\">Management financiar<\/td>\n<\/tr>\n<tr>\n<td width=\"113\">11:15 \u2013 11:30<\/td>\n<td width=\"491\">Coffee Break<\/td>\n<\/tr>\n<tr>\n<td width=\"113\">11:30 \u2013 11:45<\/td>\n<td width=\"491\">Diseminarea rezultatelor cercet\u0103rilor \u0219i atingerea indicatorilor de rezultat ai proiectelor<\/td>\n<\/tr>\n<tr>\n<td width=\"113\">11:45 \u2013 12:00<\/td>\n<td width=\"491\">Ac\u021biuni de monitorizare \u0219i control<\/td>\n<\/tr>\n<tr>\n<td width=\"113\">12:00 \u2013 12:30<\/td>\n<td width=\"491\">Sesiune de \u00eentreb\u0103ri<\/td>\n<\/tr>\n<tr>\n<td width=\"113\">12:30 \u2013 13:30<\/td>\n<td width=\"491\">Eveniment de socializare<\/td>\n<\/tr>\n<\/tbody>\n<\/table>\n<p>&nbsp;<\/p>\n","protected":false},"excerpt":{"rendered":"<p>Sesiunea de informare si dezbatere a proiectelor din Programul&#8230;<\/p>\n","protected":false},"author":5,"featured_media":117,"comment_status":"open","ping_status":"open","sticky":false,"template":"","format":"standard","meta":{"footnotes":""},"categories":[1],"tags":[],"class_list":["post-116","post","type-post","status-publish","format-standard","has-post-thumbnail","hentry","category-evenimente"],"jetpack_featured_media_url":"https:\/\/ari.ase.ro\/wp-content\/uploads\/2018\/05\/IMG_1154-Pano.jpg","_links":{"self":[{"href":"https:\/\/ari.ase.ro\/index.php?rest_route=\/wp\/v2\/posts\/116","targetHints":{"allow":["GET"]}}],"collection":[{"href":"https:\/\/ari.ase.ro\/index.php?rest_route=\/wp\/v2\/posts"}],"about":[{"href":"https:\/\/ari.ase.ro\/index.php?rest_route=\/wp\/v2\/types\/post"}],"author":[{"embeddable":true,"href":"https:\/\/ari.ase.ro\/index.php?rest_route=\/wp\/v2\/users\/5"}],"replies":[{"embeddable":true,"href":"https:\/\/ari.ase.ro\/index.php?rest_route=%2Fwp%2Fv2%2Fcomments&post=116"}],"version-history":[{"count":0,"href":"https:\/\/ari.ase.ro\/index.php?rest_route=\/wp\/v2\/posts\/116\/revisions"}],"wp:featuredmedia":[{"embeddable":true,"href":"https:\/\/ari.ase.ro\/index.php?rest_route=\/wp\/v2\/media\/117"}],"wp:attachment":[{"href":"https:\/\/ari.ase.ro\/index.php?rest_route=%2Fwp%2Fv2%2Fmedia&parent=116"}],"wp:term":[{"taxonomy":"category","embeddable":true,"href":"https:\/\/ari.ase.ro\/index.php?rest_route=%2Fwp%2Fv2%2Fcategories&post=116"},{"taxonomy":"post_tag","embeddable":true,"href":"https:\/\/ari.ase.ro\/index.php?rest_route=%2Fwp%2Fv2%2Ftags&post=116"}],"curies":[{"name":"wp","href":"https:\/\/api.w.org\/{rel}","templated":true}]}}