{"id":112,"date":"2018-02-26T09:17:56","date_gmt":"2018-02-26T09:17:56","guid":{"rendered":"http:\/\/ari.ase.ro\/wp\/?p=112"},"modified":"2018-06-06T11:43:52","modified_gmt":"2018-06-06T11:43:52","slug":"112-2","status":"publish","type":"post","link":"https:\/\/ari.ase.ro\/?p=112","title":{"rendered":"Sesiunea de informare Marie Sk\u0142odowska &#8211; Curie Actions"},"content":{"rendered":"<h2>Sesiunea de informare <em>Marie <\/em><em>Sk\u0142odowska &#8211; <\/em><em>Curie Actions<\/em><\/h2>\n<p><em>26 februarie 2018 \u2013 Sala Virgil Madgearu<\/em><\/p>\n<p>Evenimentul vizeaz\u0103 familiarizarea participan\u021bilor cu oportunit\u0103\u0163ile de cercetare finan\u0163ate prin programul Marie Curie, \u00een cadrul a dou\u0103 sec\u021biuni dedicate cadrelor didactice, respectiv doctoranzilor. Sunt comunicate, de asemenea, recomand\u0103ri privind procesul de aplicare, dar \u015fi alte coordonate aferente direc\u021biilor de cercetare din cadrul Programului MSCA. Nu \u00een ultimul r\u00e2nd, sunt \u00eemp\u0103rt\u0103\u015fite experien\u0163ele de studiu \u0219i gestiune a proiectelor c\u00e2\u0219tig\u0103toare Marie Curie Fellow.<\/p>\n<p>Sesiunea de informare este moderat\u0103 de doamna Maria VILI, Research Programme Officer \u00een cadrul Research Executive Agency \u2013 Unit A1 MSC Innovative Training Networks, a Comisiei Europene.<\/p>\n<p>&nbsp;<\/p>\n<p><strong>Agenda evenimentului<\/strong><\/p>\n<p><strong><em>Sec\u021biunea 1<\/em><\/strong><\/p>\n<p>9:30\u00a0 &#8211;\u00a0 <strong>\u00a0\u00cenregistrarea participan\u021bilor (cadre didactice)<\/strong><\/p>\n<p>10:00\u00a0 &#8211; <strong>Introducere\u00a0\u00a0\u00a0\u00a0<\/strong> <em>Prof. Marius PROFIROIU, <\/em><\/p>\n<p><em>\u00a0 \u00a0 \u00a0 \u00a0 \u00a0 \u00a0 \u00a0 \u00a0 \u00a0 \u00a0 \u00a0 \u00a0 \u00a0 \u00a0 \u00a0 \u00a0 \u00a0 \u00a0 \u00a0 \u00a0 \u00a0 \u00a0 \u00a0 Prorector Rela\u021bii Interna\u021bionale, ASE Bucure\u0219ti<\/em><\/p>\n<p><em>\u00a0 \u00a0 \u00a0 \u00a0 \u00a0 \u00a0 \u00a0 \u00a0 \u00a0 \u00a0 \u00a0 \u00a0 \u00a0 \u00a0 \u00a0 \u00a0 \u00a0 \u00a0 \u00a0 \u00a0 \u00a0 \u00a0 \u00a0 Prof. Margareta FLORESCU, Director Institutul de Cercet\u0103ri Avansate<\/em><\/p>\n<p>10:05\u00a0 &#8211; <strong>Marie Curie Fellows \u00een ASE: \u00eempart\u0103\u0219irea experien\u021bei<\/strong><\/p>\n<p><em>\u00a0 \u00a0 \u00a0 \u00a0 \u00a0 \u00a0 \u00a0 \u00a0 \u00a0 \u00a0 \u00a0 \u00a0 \u00a0 \u00a0 \u00a0 \u00a0 \u00a0 \u00a0 \u00a0 \u00a0 \u00a0 \u00a0 \u00a0 Lect. Iulia R\u0102\u0218CANU, ASE Bucure\u0219ti<\/em><\/p>\n<p>10:15\u00a0\u00a0 <strong>Marie Sk\u0142odowksa-Curie Actions \u0219i Individual Fellowships and Innovative Training Networks<\/strong><\/p>\n<p>\u2013 oportunit\u0103\u021bi pentru personalul didactic \u2013<\/p>\n<p><em>Maria VILI, REA &#8211; Comisia European\u0103<\/em><\/p>\n<p>11:15 &#8211;\u00a0\u00a0<strong>Sesiune de \u00eentreb\u0103ri \u0219i r\u0103spunsuri<\/strong><\/p>\n<p>11:45 &#8211;\u00a0\u00a0<strong>Pauz\u0103 de cafea<\/strong><\/p>\n<p><strong><em>\u00a0<\/em><\/strong><\/p>\n<p><strong><em>Sec\u021biunea 2<\/em><\/strong><\/p>\n<p>12:00 &#8211;\u00a0<strong> \u00cenregistrarea participan\u021bilor (doctoranzi)<\/strong><\/p>\n<p>12:10\u00a0<strong>\u00a0&#8211; Marie Sk\u0142odowksa-Curie Actions \u0219i Individual Fellowships and Innovative Training Networks<\/strong><\/p>\n<p>\u2013 oportunit\u0103\u021bi pentru studen\u021bi doctoranzi \u2013<\/p>\n<p><em>Maria VILI, REA &#8211; Comisia European\u0103<\/em><\/p>\n<p>13:00\u00a0 &#8211;\u00a0<strong>Sesiune de \u00eentreb\u0103ri \u0219i r\u0103spunsuri<\/strong><\/p>\n<p>13:30 &#8211;\u00a0\u00a0<strong>Discu\u021bii finale \u0219i concluzii<\/strong><\/p>\n","protected":false},"excerpt":{"rendered":"<p>Sesiunea de informare Marie Sk\u0142odowska &#8211; Curie Actions 26&#8230;<\/p>\n","protected":false},"author":5,"featured_media":113,"comment_status":"open","ping_status":"open","sticky":false,"template":"","format":"standard","meta":{"footnotes":""},"categories":[1],"tags":[],"class_list":["post-112","post","type-post","status-publish","format-standard","has-post-thumbnail","hentry","category-evenimente"],"jetpack_featured_media_url":"https:\/\/ari.ase.ro\/wp-content\/uploads\/2018\/05\/IMG_7010.jpg","_links":{"self":[{"href":"https:\/\/ari.ase.ro\/index.php?rest_route=\/wp\/v2\/posts\/112","targetHints":{"allow":["GET"]}}],"collection":[{"href":"https:\/\/ari.ase.ro\/index.php?rest_route=\/wp\/v2\/posts"}],"about":[{"href":"https:\/\/ari.ase.ro\/index.php?rest_route=\/wp\/v2\/types\/post"}],"author":[{"embeddable":true,"href":"https:\/\/ari.ase.ro\/index.php?rest_route=\/wp\/v2\/users\/5"}],"replies":[{"embeddable":true,"href":"https:\/\/ari.ase.ro\/index.php?rest_route=%2Fwp%2Fv2%2Fcomments&post=112"}],"version-history":[{"count":0,"href":"https:\/\/ari.ase.ro\/index.php?rest_route=\/wp\/v2\/posts\/112\/revisions"}],"wp:featuredmedia":[{"embeddable":true,"href":"https:\/\/ari.ase.ro\/index.php?rest_route=\/wp\/v2\/media\/113"}],"wp:attachment":[{"href":"https:\/\/ari.ase.ro\/index.php?rest_route=%2Fwp%2Fv2%2Fmedia&parent=112"}],"wp:term":[{"taxonomy":"category","embeddable":true,"href":"https:\/\/ari.ase.ro\/index.php?rest_route=%2Fwp%2Fv2%2Fcategories&post=112"},{"taxonomy":"post_tag","embeddable":true,"href":"https:\/\/ari.ase.ro\/index.php?rest_route=%2Fwp%2Fv2%2Ftags&post=112"}],"curies":[{"name":"wp","href":"https:\/\/api.w.org\/{rel}","templated":true}]}}