{"id":833,"date":"2022-06-07T00:00:00","date_gmt":"2022-06-07T00:00:00","guid":{"rendered":"http:\/\/ari.ase.ro\/wp\/?p=833"},"modified":"2022-06-07T20:12:37","modified_gmt":"2022-06-07T20:12:37","slug":"eveniment-comunicare-virtual-promovarea-strategiei-de-comunicare-in-domeniul-afacerilor-europene-10-iunie-2022","status":"publish","type":"post","link":"http:\/\/ari.ase.ro\/?p=833","title":{"rendered":"Eveniment comunicare (virtual) Promovarea Strategiei de comunicare \u00een domeniul afacerilor europene 10 iunie 2022"},"content":{"rendered":"<p style=\"font-weight: 400;\"><strong>Stimat\u0103 doamn\u0103, \/<\/strong><strong>\u00a0Stimate domnule,<\/strong><\/p>\n<p style=\"font-weight: 400;\">\n<p style=\"font-weight: 400;\">Avem pl\u0103cerea s\u0103 v\u0103 invit\u0103m la evenimentul<em>\u00a0Promovarea Strategiei de comunicare \u00een domeniul afacerilor europene,<\/em>\u00a0desf\u0103\u0219urat \u00een cadrul proiectului \u201e<em>Consolidarea \u0219i promovarea pozi\u021biei Rom\u00e2niei ca actor relevant \u00een cadrul proceselor de luare a deciziilor la nivel european<\/em>\u201d, cod SIPOCA 400 \/ cod mySMIS 115759, eveniment ce vine \u00een continuarea consult\u0103rii publice privind<em>\u00a0Proiectul de politic\u0103 public\u0103 \u00een domeniul afacerilor europene \u0219i<\/em>\u00a0<em>Strategia de comunicare \u00een domeniul afacerilor europene<\/em>, realizat \u00een luna noiembrie 2021.<\/p>\n<p style=\"font-weight: 400;\">\n<p style=\"font-weight: 400;\">V\u0103 inform\u0103m c\u0103 Strategia men\u021bionat\u0103 a fost finalizat\u0103 \u0219i aprobat\u0103 la nivelul Ministerului Afacerilor Externe. Evenimentul este organizat \u00een vederea prezent\u0103rii versiunii finale a\u00a0<em>Strategiei de comunicare \u00een domeniul afacerilor europene\u00a0<\/em>ce va fi propus\u0103 ca instrument de utilizare c\u0103tre toate ministerele \u0219i institu\u021biile implicate \u00een SNGAE. Acest eveniment va avea loc \u00een format\u00a0<strong>online \u00een data de 10<\/strong><strong>\u00a0iunie 2022<\/strong>, \u00een intervalul orar 09:45 \u2013 13:45, conform Agendei draft (ata\u0219at\u0103).<\/p>\n<p style=\"font-weight: 400;\">Participarea la acest eveniment se realizeaz\u0103 prin intermediul platformei de videoconferin\u021be Cisco WebEx (<a href=\"http:\/\/www.webex.com\/\" data-saferedirecturl=\"https:\/\/www.google.com\/url?q=http:\/\/www.webex.com&amp;source=gmail&amp;ust=1654718828462000&amp;usg=AOvVaw2zNBb11Y1AxV1iNP4XuRCI\">www.webex.com<\/a>). Men\u021bion\u0103m c\u0103 nu este necesar\u0103 crearea unui cont WebEx; dup\u0103 completarea formularului de \u00eenregistrare, participan\u021bii vor primi link-ul de invita\u021bie \u0219i instruc\u021biuni \u00een vederea acces\u0103rii evenimentului.<\/p>\n<p style=\"font-weight: 400;\">\u00cen acest sens,\u00a0<strong>v\u0103 rug\u0103m s\u0103 completa\u021bi p\u00e2n\u0103 \u00een data de 9 iunie 2022<\/strong>, formularul de \u00eenregistrare disponibil pentru\u00a0<strong>Regiunea Bucure\u0219ti-Ilfov<\/strong>\u00a0pe care \u00eel reg\u0103si\u021bi acces\u00e2nd urm\u0103torul link:\u00a0<a href=\"https:\/\/forms.gle\/yyrqh8iuZFPbRhxR6\" data-saferedirecturl=\"https:\/\/www.google.com\/url?q=https:\/\/forms.gle\/yyrqh8iuZFPbRhxR6&amp;source=gmail&amp;ust=1654718828462000&amp;usg=AOvVaw2frgQwzkXyhCp0WHGOI_KF\">https:\/\/forms.gle\/yyrqh8iuZFPbRhxR6<\/a>.\u00a0Pentru informa\u021bii suplimentare pute\u021bi s\u0103 ne contacta\u021bi pe adresa\u00a0<a href=\"mailto:dfen@mae.ro\">dfen@mae.ro<\/a>\u00a0sau la telefon 021.301.94.20.<\/p>\n<p style=\"font-weight: 400;\">\u00cen cazul \u00een care din diferite motive nu pute\u021bi s\u0103 participa\u021bi la acest eveniment, v\u0103 adres\u0103m rug\u0103mintea s\u0103 nominaliza\u021bi al\u021bi exper\u021bi din cadrul institu\u021biei dvs. cu atribu\u021bii legate de comunicarea pe teme ce \u021bin de afacerile europene \u0219i atribu\u021bii pe zona afacerilor europene, pentru a participa la eveniment.<\/p>\n<p style=\"font-weight: 400;\">\n<p style=\"font-weight: 400;\">Cu mul\u021bumiri,<\/p>\n<p style=\"font-weight: 400;\"><strong>Departamentul Fonduri Externe Nerambursabile<\/strong><\/p>\n<table style=\"font-weight: 400;\" width=\"0\">\n<tbody>\n<tr>\n<td colspan=\"2\">\n<table>\n<tbody>\n<tr>\n<td width=\"180\">Tel.: +40 21 301 9420 Interior 6054100\/6054200<\/td>\n<td>Fax: +40 21 231 4843<\/td>\n<\/tr>\n<tr>\n<td width=\"180\">Web:\u00a0<a href=\"http:\/\/www.mae.ro\/\" data-saferedirecturl=\"https:\/\/www.google.com\/url?q=http:\/\/www.mae.ro&amp;source=gmail&amp;ust=1654718828462000&amp;usg=AOvVaw3tuAeXTHtx8wBmocv1VBcj\">www.mae.ro<\/a><\/td>\n<td>E-mail:\u00a0<a href=\"mailto:dfen@mae.ro\">dfen@mae.ro<\/a><\/td>\n<\/tr>\n<\/tbody>\n<\/table>\n<\/td>\n<\/tr>\n<\/tbody>\n<\/table>\n<p>AGEND\u0102<br \/>\nEveniment comunicare (virtual)<br \/>\nPromovarea Strategiei de comunicare \u00een domeniul afacerilor europene<br \/>\n10 iunie 2022<br \/>\nPlatforma de videoconferin\u021be WebEx<br \/>\nRaportor: Loredana Vladu\/ Marina Enache \u2013 expert \u00een comunicare guvernamental\u0103<br \/>\n09:45 \u2013 10:00 \u00cenregistrare participan\u021bi. Testarea conexiunilor online \u00eentre facilitatori \u0219i participan\u021bi.<br \/>\nRezolvarea eventualelor dificult\u0103\u021bi tehnice.<br \/>\n10:00 \u2013 10:30<br \/>\n1. Cuv\u00e2nt de bun venit. Prezentarea contextului \u00een care se deruleaz\u0103 evenimentul de<br \/>\ncomunicare<br \/>\nPrezentarea proiectului Consolidarea \u0219i promovarea pozi\u021biei Rom\u00e2niei ca actor relevant<br \/>\n\u00een cadrul proceselor de luare a deciziilor la nivel european, cod SIPOCA 400\/ mySMIS.<br \/>\n115759<br \/>\n&#8211; Arpad Todor &#8211; Responsabil politic\u0103 public\u0103 \u0219i strategie de comunicare MAE<br \/>\n10:30 \u2013 11:45<br \/>\n2. Importan\u021ba implement\u0103rii de Strategii la nivelul institu\u021biilor publice centrale<br \/>\n&#8211; \u0218erban Cerchez, Reprezentant SGG<br \/>\n3. Contribu\u021bia Rom\u00e2niei la nivelul UE<br \/>\n&#8211; Reprezentan\u021bi MAE (TBC)<br \/>\n11:45 \u2013 12:00 Pauz\u0103<br \/>\n12:00 \u2013 13:30<br \/>\n4. Contextul actual de comunicare \u00een domeniul afacerilor europene \u2013 patologii ale<br \/>\ncomunic\u0103rii publice<br \/>\n5. Prezentarea Strategiei de comunicare \u00een domeniul afacerilor europene \u0219i a<br \/>\nplanului de m\u0103suri propus<br \/>\n6. Implicarea publicului \u00een procesele de consultare pe problematici de interes ale<br \/>\nafacerilor europene. Modalit\u0103\u021bi de diseminare public\u0103 a informa\u021biilor privind<br \/>\nobligativitatea, con\u021binutul \u0219i relevan\u021ba reglement\u0103rilor europene<br \/>\n&#8211; Radu Delicote \/ Flavia Durach &#8211; Expert \u00een comunicare guvernamental\u0103<br \/>\n13:30 \u2013 13:45<br \/>\n7. Sesiune interactiv\u0103 de \u00eentreb\u0103ri \u0219i r\u0103spunsuri pe tema planului de m\u0103suri propus<br \/>\n&#8211; Radu Delicote \/ Flavia Durach &#8211; Expert \u00een comunicare guvernamental\u0103<br \/>\n8. Concluzii<\/p>\n","protected":false},"excerpt":{"rendered":"<p>Stimat\u0103 doamn\u0103, \/\u00a0Stimate domnule, Avem pl\u0103cerea s\u0103 v\u0103 invit\u0103m&#8230;<\/p>\n","protected":false},"author":5,"featured_media":834,"comment_status":"open","ping_status":"open","sticky":false,"template":"","format":"standard","meta":{"footnotes":""},"categories":[1],"tags":[],"class_list":["post-833","post","type-post","status-publish","format-standard","has-post-thumbnail","hentry","category-evenimente"],"jetpack_featured_media_url":"http:\/\/ari.ase.ro\/wp-content\/uploads\/2022\/06\/Captura-de-ecran-2022-06-07-231117.png","_links":{"self":[{"href":"http:\/\/ari.ase.ro\/index.php?rest_route=\/wp\/v2\/posts\/833","targetHints":{"allow":["GET"]}}],"collection":[{"href":"http:\/\/ari.ase.ro\/index.php?rest_route=\/wp\/v2\/posts"}],"about":[{"href":"http:\/\/ari.ase.ro\/index.php?rest_route=\/wp\/v2\/types\/post"}],"author":[{"embeddable":true,"href":"http:\/\/ari.ase.ro\/index.php?rest_route=\/wp\/v2\/users\/5"}],"replies":[{"embeddable":true,"href":"http:\/\/ari.ase.ro\/index.php?rest_route=%2Fwp%2Fv2%2Fcomments&post=833"}],"version-history":[{"count":0,"href":"http:\/\/ari.ase.ro\/index.php?rest_route=\/wp\/v2\/posts\/833\/revisions"}],"wp:featuredmedia":[{"embeddable":true,"href":"http:\/\/ari.ase.ro\/index.php?rest_route=\/wp\/v2\/media\/834"}],"wp:attachment":[{"href":"http:\/\/ari.ase.ro\/index.php?rest_route=%2Fwp%2Fv2%2Fmedia&parent=833"}],"wp:term":[{"taxonomy":"category","embeddable":true,"href":"http:\/\/ari.ase.ro\/index.php?rest_route=%2Fwp%2Fv2%2Fcategories&post=833"},{"taxonomy":"post_tag","embeddable":true,"href":"http:\/\/ari.ase.ro\/index.php?rest_route=%2Fwp%2Fv2%2Ftags&post=833"}],"curies":[{"name":"wp","href":"https:\/\/api.w.org\/{rel}","templated":true}]}}