{"id":824,"date":"2022-03-17T10:11:29","date_gmt":"2022-03-17T10:11:29","guid":{"rendered":"http:\/\/ari.ase.ro\/wp\/?p=824"},"modified":"2022-05-27T18:16:35","modified_gmt":"2022-05-27T18:16:35","slug":"situatia-invatamantului-post-secundar-in-romania-de-la-postliceal-la-colegii-non-universitare","status":"publish","type":"post","link":"http:\/\/ari.ase.ro\/?p=824","title":{"rendered":"Situa\u021bia \u00eenv\u0103\u021b\u0103m\u00e2ntului post-secundar \u00een Rom\u00e2nia: de la postliceal la colegii non-universitare"},"content":{"rendered":"<div>Unitatea Executiv\u0103 pentru Finan\u021barea \u00cenv\u0103\u021b\u0103m\u00e2ntului Superior, a Cercet\u0103rii, Dezvolt\u0103rii \u0219i Inov\u0103rii (UEFISCDI), \u00een parteneriat cu Ministerul Educa\u0163iei, deruleaz\u0103 \u00een perioada 2018 \u2013 2022 proiectul \u201d<a href=\"https:\/\/uefiscdi.gov.ro\/pocu-he\" target=\"_blank\" rel=\"noopener\">Calitate \u00een \u00eenv\u0103\u0163\u0103m\u00e2ntul superior: interna\u0163ionalizare \u015fi baze de date pentru dezvoltarea \u00eenv\u0103\u0163\u0103m\u00e2ntului rom\u00e2nesc<\/a>\u201d, cofinan\u0163at din Fondul Social European prin Programul Opera\u0163ional Capital Uman (POCU). \u00cen cadrul acestuia, exper\u021bi coopta\u021bi de UEFISCDI, cadre didactice universitare \u0219i cercet\u0103tori au elaborat analize esen\u021biale dezvolt\u0103rii politicilor publice at\u00e2t la nivelul universit\u0103\u021bilor, c\u00e2t \u0219i la nivel na\u021bional, care vizeaz\u0103 accesul, progresul \u0219i absolvirea studiilor.<\/div>\n<div><\/div>\n<div>\u00cen acest context, continu\u0103m ini\u021biativa de a organiza discu\u021bii online dedicate promov\u0103rii rezultatelor cercet\u0103rilor realizate \u00een cadrul proiectului. Urm\u0103toarea tem\u0103 abordat\u0103 este\u00a0\u00eenv\u0103\u021b\u0103m\u00e2ntul post-secundar \u00een Rom\u00e2nia: de la postliceal la colegii non-universitare, iar raportul pe care \u00eel vom lansa se bazeaz\u0103 pe date de calitate.<\/div>\n<div><\/div>\n<div>Evenimentul va avea loc\u00a0joi, 17 martie 2022, \u00een intervalul orar 15:00 \u2013 17:00\u00a0\u0219i va avea un format\u00a0online\u00a0\u00een care vor fi expuse principalele rezultate ale cercet\u0103rilor, ini\u021biind apoi dialogul cu reprezentan\u021bi ai deciden\u021bilor, cu mediul academic \u0219i cu organiza\u021bii relevante din mediul privat \u0219i din societatea civil\u0103.<\/div>\n<div><\/div>\n<div>\u00censcrierea la eveniment se face online, acces\u00e2nd urm\u0103torul link:<a href=\"https:\/\/forms.gle\/uTwtrE38VyMCMhuj9\" target=\"_blank\" rel=\"noopener\">\u00a0https:\/\/forms.gle\/uTwtrE38VyMCMhuj9<\/a>\u00a0.Detalii suplimentare, precum \u0219i datele de conectare, vor fi transmise persoanelor \u00eenregistrate.<\/div>\n","protected":false},"excerpt":{"rendered":"<p>Unitatea Executiv\u0103 pentru Finan\u021barea \u00cenv\u0103\u021b\u0103m\u00e2ntului Superior, a Cercet\u0103rii, Dezvolt\u0103rii&#8230;<\/p>\n","protected":false},"author":5,"featured_media":825,"comment_status":"open","ping_status":"open","sticky":false,"template":"","format":"standard","meta":{"footnotes":""},"categories":[1],"tags":[],"class_list":["post-824","post","type-post","status-publish","format-standard","has-post-thumbnail","hentry","category-evenimente"],"jetpack_featured_media_url":"http:\/\/ari.ase.ro\/wp-content\/uploads\/2022\/05\/imag3.png","_links":{"self":[{"href":"http:\/\/ari.ase.ro\/index.php?rest_route=\/wp\/v2\/posts\/824","targetHints":{"allow":["GET"]}}],"collection":[{"href":"http:\/\/ari.ase.ro\/index.php?rest_route=\/wp\/v2\/posts"}],"about":[{"href":"http:\/\/ari.ase.ro\/index.php?rest_route=\/wp\/v2\/types\/post"}],"author":[{"embeddable":true,"href":"http:\/\/ari.ase.ro\/index.php?rest_route=\/wp\/v2\/users\/5"}],"replies":[{"embeddable":true,"href":"http:\/\/ari.ase.ro\/index.php?rest_route=%2Fwp%2Fv2%2Fcomments&post=824"}],"version-history":[{"count":0,"href":"http:\/\/ari.ase.ro\/index.php?rest_route=\/wp\/v2\/posts\/824\/revisions"}],"wp:featuredmedia":[{"embeddable":true,"href":"http:\/\/ari.ase.ro\/index.php?rest_route=\/wp\/v2\/media\/825"}],"wp:attachment":[{"href":"http:\/\/ari.ase.ro\/index.php?rest_route=%2Fwp%2Fv2%2Fmedia&parent=824"}],"wp:term":[{"taxonomy":"category","embeddable":true,"href":"http:\/\/ari.ase.ro\/index.php?rest_route=%2Fwp%2Fv2%2Fcategories&post=824"},{"taxonomy":"post_tag","embeddable":true,"href":"http:\/\/ari.ase.ro\/index.php?rest_route=%2Fwp%2Fv2%2Ftags&post=824"}],"curies":[{"name":"wp","href":"https:\/\/api.w.org\/{rel}","templated":true}]}}